{"id":1754,"date":"2017-06-05T13:13:19","date_gmt":"2017-06-05T11:13:19","guid":{"rendered":"http:\/\/www.manastirpiperi.me\/en\/praznik-silaska-svetog-duha-na-apostole-duhovi-trojica\/"},"modified":"2017-10-27T13:43:19","modified_gmt":"2017-10-27T11:43:19","slug":"the-descent-of-the-holy-spirit-on-the-apostles-pentecost","status":"publish","type":"post","link":"https:\/\/manastirpiperi.me\/en\/the-descent-of-the-holy-spirit-on-the-apostles-pentecost\/","title":{"rendered":"The Descent of the Holy Spirit on the Apostles \u2013 Pentecost"},"content":{"rendered":"<p style=\"text-align: justify;\">The birthday of the Christian Church \u2013 the Feast of the Descent of the Holy Spirit on the Apostles \u2013was joyfully celebrated in our monastery. The Divine Liturgy was celebrated by Protopresbyter-stavrophor Mo\u043c\u010dilo Rai\u010devi\u0107. The concelebrant was Protopresbyter-stavrophor Dragan Stani\u0161i\u0107. Following the Liturgy, there was a Vespers service. During the prayers, the faithful were shaping grass and flowers into wreaths, while kneeling for the first time after Easter.<\/p>\n<hr\/>\n\n\t\t<style type=\"text\/css\">\n\t\t\t#gallery-1 {\n\t\t\t\tmargin: auto;\n\t\t\t}\n\t\t\t#gallery-1 .gallery-item {\n\t\t\t\tfloat: left;\n\t\t\t\tmargin-top: 10px;\n\t\t\t\ttext-align: center;\n\t\t\t\twidth: 16%;\n\t\t\t}\n\t\t\t#gallery-1 img {\n\t\t\t\tborder: 2px solid #cfcfcf;\n\t\t\t}\n\t\t\t#gallery-1 .gallery-caption {\n\t\t\t\tmargin-left: 0;\n\t\t\t}\n\t\t\t\/* see gallery_shortcode() in wp-includes\/media.php *\/\n\t\t<\/style>\n\t\t<div id='gallery-1' class='gallery galleryid-1754 gallery-columns-6 gallery-size-thumbnail'><dl class='gallery-item'>\n\t\t\t<dt class='gallery-icon landscape'>\n\t\t\t\t<a href='https:\/\/manastirpiperi.me\/en\/06-6-2\/'><img loading=\"lazy\" decoding=\"async\" width=\"150\" height=\"150\" src=\"https:\/\/manastirpiperi.me\/wp-content\/uploads\/2017\/06\/06-150x150.jpg\" class=\"attachment-thumbnail size-thumbnail\" alt=\"\" \/><\/a>\n\t\t\t<\/dt><\/dl><dl class='gallery-item'>\n\t\t\t<dt class='gallery-icon landscape'>\n\t\t\t\t<a href='https:\/\/manastirpiperi.me\/en\/05-6-2\/'><img loading=\"lazy\" decoding=\"async\" width=\"150\" height=\"150\" src=\"https:\/\/manastirpiperi.me\/wp-content\/uploads\/2017\/06\/05-150x150.jpg\" class=\"attachment-thumbnail size-thumbnail\" alt=\"\" \/><\/a>\n\t\t\t<\/dt><\/dl><dl class='gallery-item'>\n\t\t\t<dt class='gallery-icon landscape'>\n\t\t\t\t<a href='https:\/\/manastirpiperi.me\/en\/04-6-2\/'><img loading=\"lazy\" decoding=\"async\" width=\"150\" height=\"150\" src=\"https:\/\/manastirpiperi.me\/wp-content\/uploads\/2017\/06\/04-150x150.jpg\" class=\"attachment-thumbnail size-thumbnail\" alt=\"\" \/><\/a>\n\t\t\t<\/dt><\/dl><dl class='gallery-item'>\n\t\t\t<dt class='gallery-icon landscape'>\n\t\t\t\t<a href='https:\/\/manastirpiperi.me\/en\/03-6-2\/'><img loading=\"lazy\" decoding=\"async\" width=\"150\" height=\"150\" src=\"https:\/\/manastirpiperi.me\/wp-content\/uploads\/2017\/06\/03-150x150.jpg\" class=\"attachment-thumbnail size-thumbnail\" alt=\"\" \/><\/a>\n\t\t\t<\/dt><\/dl><dl class='gallery-item'>\n\t\t\t<dt class='gallery-icon landscape'>\n\t\t\t\t<a href='https:\/\/manastirpiperi.me\/en\/02-6-2\/'><img loading=\"lazy\" decoding=\"async\" width=\"150\" height=\"150\" src=\"https:\/\/manastirpiperi.me\/wp-content\/uploads\/2017\/06\/02-150x150.jpg\" class=\"attachment-thumbnail size-thumbnail\" alt=\"\" \/><\/a>\n\t\t\t<\/dt><\/dl><dl class='gallery-item'>\n\t\t\t<dt class='gallery-icon landscape'>\n\t\t\t\t<a href='https:\/\/manastirpiperi.me\/en\/01-6-2\/'><img loading=\"lazy\" decoding=\"async\" width=\"150\" height=\"150\" src=\"https:\/\/manastirpiperi.me\/wp-content\/uploads\/2017\/06\/01-150x150.jpg\" class=\"attachment-thumbnail size-thumbnail\" alt=\"\" \/><\/a>\n\t\t\t<\/dt><\/dl><br style=\"clear: both\" \/>\n\t\t<\/div>\n\n","protected":false},"excerpt":{"rendered":"<p>The birthday of the Christian Church \u2013 the Feast of the Descent of the Holy Spirit on the Apostles \u2013was joyfully celebrated in our monastery. The Divine Liturgy was celebrated by Protopresbyter-stavrophor Mo\u043c\u010dilo Rai\u010devi\u0107. The concelebrant was Protopresbyter-stavrophor Dragan Stani\u0161i\u0107. Following the Liturgy, there was a Vespers service. During the prayers, the faithful were shaping [&hellip;]<\/p>\n","protected":false},"author":2,"featured_media":1580,"comment_status":"closed","ping_status":"closed","sticky":false,"template":"","format":"standard","meta":{"footnotes":""},"categories":[49],"tags":[],"class_list":["post-1754","post","type-post","status-publish","format-standard","has-post-thumbnail","hentry","category-news"],"_links":{"self":[{"href":"https:\/\/manastirpiperi.me\/en\/wp-json\/wp\/v2\/posts\/1754","targetHints":{"allow":["GET"]}}],"collection":[{"href":"https:\/\/manastirpiperi.me\/en\/wp-json\/wp\/v2\/posts"}],"about":[{"href":"https:\/\/manastirpiperi.me\/en\/wp-json\/wp\/v2\/types\/post"}],"author":[{"embeddable":true,"href":"https:\/\/manastirpiperi.me\/en\/wp-json\/wp\/v2\/users\/2"}],"replies":[{"embeddable":true,"href":"https:\/\/manastirpiperi.me\/en\/wp-json\/wp\/v2\/comments?post=1754"}],"version-history":[{"count":0,"href":"https:\/\/manastirpiperi.me\/en\/wp-json\/wp\/v2\/posts\/1754\/revisions"}],"wp:featuredmedia":[{"embeddable":true,"href":"https:\/\/manastirpiperi.me\/en\/wp-json\/wp\/v2\/media\/1580"}],"wp:attachment":[{"href":"https:\/\/manastirpiperi.me\/en\/wp-json\/wp\/v2\/media?parent=1754"}],"wp:term":[{"taxonomy":"category","embeddable":true,"href":"https:\/\/manastirpiperi.me\/en\/wp-json\/wp\/v2\/categories?post=1754"},{"taxonomy":"post_tag","embeddable":true,"href":"https:\/\/manastirpiperi.me\/en\/wp-json\/wp\/v2\/tags?post=1754"}],"curies":[{"name":"wp","href":"https:\/\/api.w.org\/{rel}","templated":true}]}}